{"id":6164,"date":"2023-07-10T12:15:04","date_gmt":"2023-07-10T10:15:04","guid":{"rendered":"https:\/\/ccb-tanz.at\/?p=6164"},"modified":"2023-12-01T12:49:47","modified_gmt":"2023-12-01T11:49:47","slug":"danke-faustlos-lavamuend","status":"publish","type":"post","link":"https:\/\/ccb-tanz.at\/en\/danke-faustlos-lavamuend\/","title":{"rendered":"DANKE: FAUSTLOS Lavam\u00fcnd"},"content":{"rendered":"<div data-elementor-type=\"wp-post\" data-elementor-id=\"6164\" class=\"elementor elementor-6164\">\n\t\t\t\t\t\t<section class=\"elementor-section elementor-top-section elementor-element elementor-element-53d67a5 elementor-section-boxed elementor-section-height-default elementor-section-height-default\" data-id=\"53d67a5\" data-element_type=\"section\" data-e-type=\"section\">\n\t\t\t\t\t\t<div class=\"elementor-container elementor-column-gap-default\">\n\t\t\t\t\t<div class=\"elementor-column elementor-col-100 elementor-top-column elementor-element elementor-element-9f81a26\" data-id=\"9f81a26\" data-element_type=\"column\" data-e-type=\"column\">\n\t\t\t<div class=\"elementor-widget-wrap elementor-element-populated\">\n\t\t\t\t\t\t<div class=\"elementor-element elementor-element-65fc2f0 elementor-widget elementor-widget-text-editor\" data-id=\"65fc2f0\" data-element_type=\"widget\" data-e-type=\"widget\" data-widget_type=\"text-editor.default\">\n\t\t\t\t<div class=\"elementor-widget-container\">\n\t\t\t\t\t\t\t\t\t<p>An alle Mitwirkenden im Rahmen des CCB-Projektes \u201eFaustlos\u201c und dem Pr\u00e4sentationstag \u201eGEWALTiger TAG\u201c in Lavam\u00fcnd vielen Dank f\u00fcr euren Einsatz bei Faustlos!<span class=\"Apple-converted-space\">\u00a0<\/span><\/p><p class=\"translation-block\">Es waar eine wunderbare Zeit, ein gutes Zusammenarbeitenund wir haben viele Menschen auf kreative Art erreicht, sich mit dem sensiblen Thema Gewalt weiter auseinander zu setzen, dar\u00fcber zu reflektieren und aufmerksam zu bleiben.<br>Das war unser Ziel und es ist dank dem Einsatz aller gemeinsam gut gelungen!<span class=\"Apple-converted-space\">&nbsp;<\/span><\/p><p>Besonderer Dank gilt in erster Linie den Sch\u00fcler:innen der Volksschule Lavam\u00fcnd und der Mittelschule Lavam\u00fcnd und den K\u00fcnstler:innen, die mit ihrem vollen Einsatz, gro\u00dfen Spa\u00df und viel Mut das Thema mit ihren Ideen mit entwickelt und pr\u00e4sentiert haben!<span class=\"Apple-converted-space\">\u00a0<\/span><\/p><p><span class=\"Apple-converted-space\">\u00a0<\/span><\/p><p><strong>Ben Dorer \u201eSyc Tyson\u201c<span class=\"Apple-converted-space\">\u00a0<\/span><\/strong><\/p><p>RAP Songwriter und S\u00e4nger<span class=\"Apple-converted-space\">\u00a0<\/span><\/p><p><strong>Lado Jak\u0161a<span class=\"Apple-converted-space\">\u00a0<\/span><\/strong><\/p><p>Musiker und Universalk\u00fcnstler<span class=\"Apple-converted-space\">\u00a0<\/span><\/p><p><strong>Elsa Logar<span class=\"Apple-converted-space\">\u00a0<\/span><\/strong><\/p><p>Mulitmediak\u00fcnstlerin, Comick\u00fcnstlerin<span class=\"Apple-converted-space\">\u00a0<\/span><\/p><p><strong>Valerie Logar<span class=\"Apple-converted-space\">\u00a0<\/span><\/strong><\/p><p>Fotografin und Grafikdesignerin<span class=\"Apple-converted-space\">\u00a0<\/span><\/p><p><strong>Valentin Pezzei \u201eMogli\u201c<span class=\"Apple-converted-space\">\u00a0<\/span><\/strong><\/p><p>Tanzp\u00e4dagoge, Breakdancer und Graffitik\u00fcnstler<span class=\"Apple-converted-space\">\u00a0<\/span><\/p><p><strong>Univ.Prof.Dr. Martina Seidl<span class=\"Apple-converted-space\">\u00a0<\/span><\/strong><\/p><p>Tanzp\u00e4dagogin, T\u00e4nzerin<span class=\"Apple-converted-space\">\u00a0<\/span><\/p><p>Auch dem Schulleiter Herrn R\u00fcdiger Zlamy und seinem P\u00e4dagog:innenteam danke ich sehr f\u00fcr die gute Zusammenarbeit und dem Delfi Kinderschutzzentrum und Schulsozialarbeit Lavam\u00fcnd f\u00fcr die Informationsst\u00e4nde!<span class=\"Apple-converted-space\">\u00a0<\/span><\/p><p>Und den vielen Helfer:innen rundherum, ohne die es nicht so erfolgreich ablaufen h\u00e4tte k\u00f6nnen:<span class=\"Apple-converted-space\">\u00a0<\/span><\/p><ul><li>Valerie Logar als Fotografin, ihr Einsatz f\u00fcr Fotoshooting und Bearbeitung von Pressefotos, Erstellung und Layout von Plakat und Folder<\/li><li>Den Technikern Andra\u017e und Milan Piko f\u00fcr ihre unkomplizierte und professionelle Planung, Verf\u00fcgungstellung, Betreuung, Auf- und Abbau der Technik<\/li><li>Dem Sportverein danke ich f\u00fcr die Verf\u00fcgungstellung zur Nutzung des Sportplatzes und den Ausschank!<\/li><li>Dem Restaurant Laquam\u00fcnd f\u00fcr die Verf\u00fcgungstellung der Zaungalerie.<\/li><li>Der Gemeinde Lavam\u00fcnd danke ich f\u00fcr die Verf\u00fcgungstellung der Seeb\u00fchne und des Stromes.<span class=\"Apple-converted-space\">\u00a0<\/span><\/li><li>Adele Gnamusch Gasthaus Krone f\u00fcr die verg\u00fcnstigte Unterbringung und das gute Abschlussessen!<span class=\"Apple-converted-space\">\u00a0<\/span><\/li><li>Mirjam Sadjak f\u00fcr die administrative Unterst\u00fctzung und die Presseaussendungen<\/li><li>Zdravko Haderlap f\u00fcr seinen Einsatz, u.a. bei den weiteren Pressekontakten und Fotos<\/li><li>Jutta Mitteregger f\u00fcr die finanziellen Abwicklungen<span class=\"Apple-converted-space\">\u00a0<\/span><\/li><li>Psychotherapeutin Anna Rutar f\u00fcr die Entwicklung des gemeinsamen Konzeptes \u201eFaustlos\u201c.<span class=\"Apple-converted-space\">\u00a0<\/span><\/li><\/ul><p>Danke an alle Sponsor:innen f\u00fcr die gro\u00dfz\u00fcgige Unterst\u00fctzung: OEAD Bildungsministerium Kultur:Bildung, Culture Connected Land K\u00e4rnten, Referat f\u00fcr Jugend, B\u00fcrgermeister Wolfgang Gallant, Gemeinde Lavam\u00fcnd, B\u00fcrgermeister Patrick Skubel, Gemeinde Neuhaus, Herr Stauber, Raiffeisenbank Unteres Lavanttal (Frau Wiesenbauer), K\u00e4rntner Sparkasse Lavam\u00fcnd<\/p><p><span class=\"Apple-converted-space\">Fotos: Zdravko Haderlap\u00a0<\/span><\/p>\t\t\t\t\t\t\t\t<\/div>\n\t\t\t\t<\/div>\n\t\t\t\t\t<\/div>\n\t\t<\/div>\n\t\t\t\t\t<\/div>\n\t\t<\/section>\n\t\t\t\t<section class=\"elementor-section elementor-top-section elementor-element elementor-element-772268c elementor-section-boxed elementor-section-height-default elementor-section-height-default\" data-id=\"772268c\" data-element_type=\"section\" data-e-type=\"section\">\n\t\t\t\t\t\t<div class=\"elementor-container elementor-column-gap-default\">\n\t\t\t\t\t<div class=\"elementor-column elementor-col-100 elementor-top-column elementor-element elementor-element-238ae4b\" data-id=\"238ae4b\" data-element_type=\"column\" data-e-type=\"column\">\n\t\t\t<div class=\"elementor-widget-wrap elementor-element-populated\">\n\t\t\t\t\t\t<div class=\"elementor-element elementor-element-9ca2555 elementor-widget elementor-widget-image\" data-id=\"9ca2555\" data-element_type=\"widget\" data-e-type=\"widget\" data-widget_type=\"image.default\">\n\t\t\t\t<div class=\"elementor-widget-container\">\n\t\t\t\t\t\t\t\t\t\t\t\t\t\t\t<img fetchpriority=\"high\" decoding=\"async\" width=\"1024\" height=\"700\" src=\"https:\/\/ccb-tanz.at\/wp-content\/uploads\/2023\/07\/zh-GewalTiger-Tag-1-1024x700.jpg\" class=\"attachment-large size-large wp-image-6166\" alt=\"\" srcset=\"https:\/\/ccb-tanz.at\/wp-content\/uploads\/2023\/07\/zh-GewalTiger-Tag-1-1024x700.jpg 1024w, https:\/\/ccb-tanz.at\/wp-content\/uploads\/2023\/07\/zh-GewalTiger-Tag-1-300x205.jpg 300w, https:\/\/ccb-tanz.at\/wp-content\/uploads\/2023\/07\/zh-GewalTiger-Tag-1-768x525.jpg 768w, https:\/\/ccb-tanz.at\/wp-content\/uploads\/2023\/07\/zh-GewalTiger-Tag-1-1536x1050.jpg 1536w, https:\/\/ccb-tanz.at\/wp-content\/uploads\/2023\/07\/zh-GewalTiger-Tag-1-2048x1400.jpg 2048w, https:\/\/ccb-tanz.at\/wp-content\/uploads\/2023\/07\/zh-GewalTiger-Tag-1-18x12.jpg 18w\" sizes=\"(max-width: 1024px) 100vw, 1024px\" \/>\t\t\t\t\t\t\t\t\t\t\t\t\t\t\t<\/div>\n\t\t\t\t<\/div>\n\t\t\t\t\t<\/div>\n\t\t<\/div>\n\t\t\t\t\t<\/div>\n\t\t<\/section>\n\t\t\t\t<section class=\"elementor-section elementor-top-section elementor-element elementor-element-264e309 elementor-section-boxed elementor-section-height-default elementor-section-height-default\" data-id=\"264e309\" data-element_type=\"section\" data-e-type=\"section\">\n\t\t\t\t\t\t<div class=\"elementor-container elementor-column-gap-default\">\n\t\t\t\t\t<div class=\"elementor-column elementor-col-100 elementor-top-column elementor-element elementor-element-1b51cc4\" data-id=\"1b51cc4\" data-element_type=\"column\" data-e-type=\"column\">\n\t\t\t<div class=\"elementor-widget-wrap elementor-element-populated\">\n\t\t\t\t\t\t<div class=\"elementor-element elementor-element-0b2f96d elementor-widget elementor-widget-image\" data-id=\"0b2f96d\" data-element_type=\"widget\" data-e-type=\"widget\" data-widget_type=\"image.default\">\n\t\t\t\t<div class=\"elementor-widget-container\">\n\t\t\t\t\t\t\t\t\t\t\t\t\t\t\t<img decoding=\"async\" width=\"1024\" height=\"733\" src=\"https:\/\/ccb-tanz.at\/wp-content\/uploads\/2023\/07\/zh-GewalTiger-Tag--1024x733.jpg\" class=\"attachment-large size-large wp-image-6165\" alt=\"\" srcset=\"https:\/\/ccb-tanz.at\/wp-content\/uploads\/2023\/07\/zh-GewalTiger-Tag--1024x733.jpg 1024w, https:\/\/ccb-tanz.at\/wp-content\/uploads\/2023\/07\/zh-GewalTiger-Tag--300x215.jpg 300w, https:\/\/ccb-tanz.at\/wp-content\/uploads\/2023\/07\/zh-GewalTiger-Tag--768x550.jpg 768w, https:\/\/ccb-tanz.at\/wp-content\/uploads\/2023\/07\/zh-GewalTiger-Tag--1536x1099.jpg 1536w, https:\/\/ccb-tanz.at\/wp-content\/uploads\/2023\/07\/zh-GewalTiger-Tag--2048x1465.jpg 2048w, https:\/\/ccb-tanz.at\/wp-content\/uploads\/2023\/07\/zh-GewalTiger-Tag--18x12.jpg 18w\" sizes=\"(max-width: 1024px) 100vw, 1024px\" \/>\t\t\t\t\t\t\t\t\t\t\t\t\t\t\t<\/div>\n\t\t\t\t<\/div>\n\t\t\t\t\t<\/div>\n\t\t<\/div>\n\t\t\t\t\t<\/div>\n\t\t<\/section>\n\t\t\t\t<section class=\"elementor-section elementor-top-section elementor-element elementor-element-1852099 elementor-section-boxed elementor-section-height-default elementor-section-height-default\" data-id=\"1852099\" data-element_type=\"section\" data-e-type=\"section\">\n\t\t\t\t\t\t<div class=\"elementor-container elementor-column-gap-default\">\n\t\t\t\t\t<div class=\"elementor-column elementor-col-100 elementor-top-column elementor-element elementor-element-9ebceee\" data-id=\"9ebceee\" data-element_type=\"column\" data-e-type=\"column\">\n\t\t\t<div class=\"elementor-widget-wrap elementor-element-populated\">\n\t\t\t\t\t\t<div class=\"elementor-element elementor-element-5fa83a4 elementor-widget elementor-widget-image\" data-id=\"5fa83a4\" data-element_type=\"widget\" data-e-type=\"widget\" data-widget_type=\"image.default\">\n\t\t\t\t<div class=\"elementor-widget-container\">\n\t\t\t\t\t\t\t\t\t\t\t\t\t\t\t<img decoding=\"async\" width=\"1024\" height=\"738\" src=\"https:\/\/ccb-tanz.at\/wp-content\/uploads\/2023\/07\/zh-GewalTiger-Tag-5-1024x738.jpg\" class=\"attachment-large size-large wp-image-6168\" alt=\"\" srcset=\"https:\/\/ccb-tanz.at\/wp-content\/uploads\/2023\/07\/zh-GewalTiger-Tag-5-1024x738.jpg 1024w, https:\/\/ccb-tanz.at\/wp-content\/uploads\/2023\/07\/zh-GewalTiger-Tag-5-300x216.jpg 300w, https:\/\/ccb-tanz.at\/wp-content\/uploads\/2023\/07\/zh-GewalTiger-Tag-5-768x553.jpg 768w, https:\/\/ccb-tanz.at\/wp-content\/uploads\/2023\/07\/zh-GewalTiger-Tag-5-1536x1106.jpg 1536w, https:\/\/ccb-tanz.at\/wp-content\/uploads\/2023\/07\/zh-GewalTiger-Tag-5-2048x1475.jpg 2048w, https:\/\/ccb-tanz.at\/wp-content\/uploads\/2023\/07\/zh-GewalTiger-Tag-5-18x12.jpg 18w\" sizes=\"(max-width: 1024px) 100vw, 1024px\" \/>\t\t\t\t\t\t\t\t\t\t\t\t\t\t\t<\/div>\n\t\t\t\t<\/div>\n\t\t\t\t<div class=\"elementor-element elementor-element-94db9ed elementor-widget elementor-widget-image\" data-id=\"94db9ed\" data-element_type=\"widget\" data-e-type=\"widget\" data-widget_type=\"image.default\">\n\t\t\t\t<div class=\"elementor-widget-container\">\n\t\t\t\t\t\t\t\t\t\t\t\t\t\t\t<img loading=\"lazy\" decoding=\"async\" width=\"1024\" height=\"768\" src=\"https:\/\/ccb-tanz.at\/wp-content\/uploads\/2023\/07\/zh-GewalTiger-Tag-2-1024x768.jpg\" class=\"attachment-large size-large wp-image-6169\" alt=\"\" srcset=\"https:\/\/ccb-tanz.at\/wp-content\/uploads\/2023\/07\/zh-GewalTiger-Tag-2-1024x768.jpg 1024w, https:\/\/ccb-tanz.at\/wp-content\/uploads\/2023\/07\/zh-GewalTiger-Tag-2-300x225.jpg 300w, https:\/\/ccb-tanz.at\/wp-content\/uploads\/2023\/07\/zh-GewalTiger-Tag-2-768x576.jpg 768w, https:\/\/ccb-tanz.at\/wp-content\/uploads\/2023\/07\/zh-GewalTiger-Tag-2-1536x1151.jpg 1536w, https:\/\/ccb-tanz.at\/wp-content\/uploads\/2023\/07\/zh-GewalTiger-Tag-2-2048x1535.jpg 2048w, https:\/\/ccb-tanz.at\/wp-content\/uploads\/2023\/07\/zh-GewalTiger-Tag-2-16x12.jpg 16w\" sizes=\"(max-width: 1024px) 100vw, 1024px\" \/>\t\t\t\t\t\t\t\t\t\t\t\t\t\t\t<\/div>\n\t\t\t\t<\/div>\n\t\t\t\t\t<\/div>\n\t\t<\/div>\n\t\t\t\t\t<\/div>\n\t\t<\/section>\n\t\t\t\t<\/div>","protected":false},"excerpt":{"rendered":"<p>An alle Mitwirkenden im Rahmen des CCB-Projektes \u201eFaustlos\u201c und dem Pr\u00e4sentationstag \u201eGEWALTiger TAG\u201c in Lavam\u00fcnd vielen Dank f\u00fcr euren Einsatz bei Faustlos!&nbsp; Es waar eine wunderbare Zeit, ein gutes Zusammenarbeitenund wir haben viele Menschen auf kreative Art erreicht, sich mit dem sensiblen Thema Gewalt weiter auseinander zu setzen, dar\u00fcber zu reflektieren und aufmerksam zu bleiben&#8230;.<\/p>","protected":false},"author":2,"featured_media":6131,"comment_status":"closed","ping_status":"open","sticky":false,"template":"","format":"standard","meta":{"_acf_changed":false,"footnotes":""},"categories":[1],"tags":[],"class_list":["post-6164","post","type-post","status-publish","format-standard","has-post-thumbnail","hentry","category-uncategorized"],"acf":[],"_links":{"self":[{"href":"https:\/\/ccb-tanz.at\/en\/wp-json\/wp\/v2\/posts\/6164","targetHints":{"allow":["GET"]}}],"collection":[{"href":"https:\/\/ccb-tanz.at\/en\/wp-json\/wp\/v2\/posts"}],"about":[{"href":"https:\/\/ccb-tanz.at\/en\/wp-json\/wp\/v2\/types\/post"}],"author":[{"embeddable":true,"href":"https:\/\/ccb-tanz.at\/en\/wp-json\/wp\/v2\/users\/2"}],"replies":[{"embeddable":true,"href":"https:\/\/ccb-tanz.at\/en\/wp-json\/wp\/v2\/comments?post=6164"}],"version-history":[{"count":8,"href":"https:\/\/ccb-tanz.at\/en\/wp-json\/wp\/v2\/posts\/6164\/revisions"}],"predecessor-version":[{"id":6177,"href":"https:\/\/ccb-tanz.at\/en\/wp-json\/wp\/v2\/posts\/6164\/revisions\/6177"}],"wp:featuredmedia":[{"embeddable":true,"href":"https:\/\/ccb-tanz.at\/en\/wp-json\/wp\/v2\/media\/6131"}],"wp:attachment":[{"href":"https:\/\/ccb-tanz.at\/en\/wp-json\/wp\/v2\/media?parent=6164"}],"wp:term":[{"taxonomy":"category","embeddable":true,"href":"https:\/\/ccb-tanz.at\/en\/wp-json\/wp\/v2\/categories?post=6164"},{"taxonomy":"post_tag","embeddable":true,"href":"https:\/\/ccb-tanz.at\/en\/wp-json\/wp\/v2\/tags?post=6164"}],"curies":[{"name":"wp","href":"https:\/\/api.w.org\/{rel}","templated":true}]}}